{"id":3556,"date":"2024-06-25T11:39:06","date_gmt":"2024-06-25T09:39:06","guid":{"rendered":"https:\/\/sevillafcinnovationcenter.com\/?p=3556"},"modified":"2024-06-25T11:45:14","modified_gmt":"2024-06-25T09:45:14","slug":"charla-de-jesus-arroyo-sobre-derecho-deportivo-a-los-alumnos-de-laliga-business-school","status":"publish","type":"post","link":"https:\/\/sevillafcinnovationcenter.com\/en\/charla-de-jesus-arroyo-sobre-derecho-deportivo-a-los-alumnos-de-laliga-business-school\/","title":{"rendered":"Conference by Jes\u00fas Arroyo on sports law to the students of LaLiga Business School"},"content":{"rendered":"\n<p><\/p>\n\n\n\n<p>LaLiga Business School has once again chosen the Ram\u00f3n S\u00e1nchez-Pizju\u00e1n as the venue for one of its special days, in which it takes the students of the various courses it offers out of its offices. On this occasion, the visit to Sevilla FC was hosted by the club&#8217;s deputy general manager, Jes\u00fas Arroyo, who shared his extensive experience in the field with the students of the Master&#8217;s Degree in Sports Law applied to professional soccer in the Jos\u00e9 Antonio S\u00e1nchez-Araujo press room.<\/p>\n\n\n\n<p>LaLiga has developed the Master&#8217;s Degree in Sports Law applied to professional soccer to offer the possibility of specialization in one of the fastest growing branches of law. An area in which Sevilla FC has extensive experience with numerous success stories.<\/p>\n\n\n\n<p>Likewise, Jes\u00fas Arroyo, is the Institutional Coordinator of the <a href=\"https:\/\/sevillafcinnovationcenter.com\/formacion\/master-en-derecho-deportivo-aplicado-al-futbol\/\" data-type=\"link\" data-id=\"https:\/\/sevillafcinnovationcenter.com\/formacion\/master-en-derecho-deportivo-aplicado-al-futbol\/\">Master&#8217;s Degree in Sports Law applied to Football<\/a> at Sevilla FC in collaboration with the Catholic University of Murcia, whose registration period is still open for the new edition.<\/p>\n","protected":false},"excerpt":{"rendered":"<p>LaLiga Business School has once again chosen the Ram\u00f3n S\u00e1nchez-Pizju\u00e1n as the venue for one of its special days, in which it takes the students of the various courses it offers out of its offices. On this occasion, the visit to Sevilla FC was hosted by the club&#8217;s deputy general manager, Jes\u00fas Arroyo, who shared [&hellip;]<\/p>\n","protected":false},"author":5,"featured_media":3554,"comment_status":"open","ping_status":"closed","sticky":false,"template":"","format":"standard","meta":{"_acf_changed":true,"footnotes":""},"categories":[1],"tags":[],"area_entrada":[79,86],"class_list":["post-3556","post","type-post","status-publish","format-standard","has-post-thumbnail","hentry","category-sin-categorizar","area_entrada-events","area_entrada-education"],"acf":[],"_links":{"self":[{"href":"https:\/\/sevillafcinnovationcenter.com\/en\/wp-json\/wp\/v2\/posts\/3556","targetHints":{"allow":["GET"]}}],"collection":[{"href":"https:\/\/sevillafcinnovationcenter.com\/en\/wp-json\/wp\/v2\/posts"}],"about":[{"href":"https:\/\/sevillafcinnovationcenter.com\/en\/wp-json\/wp\/v2\/types\/post"}],"author":[{"embeddable":true,"href":"https:\/\/sevillafcinnovationcenter.com\/en\/wp-json\/wp\/v2\/users\/5"}],"replies":[{"embeddable":true,"href":"https:\/\/sevillafcinnovationcenter.com\/en\/wp-json\/wp\/v2\/comments?post=3556"}],"version-history":[{"count":0,"href":"https:\/\/sevillafcinnovationcenter.com\/en\/wp-json\/wp\/v2\/posts\/3556\/revisions"}],"wp:featuredmedia":[{"embeddable":true,"href":"https:\/\/sevillafcinnovationcenter.com\/en\/wp-json\/wp\/v2\/media\/3554"}],"wp:attachment":[{"href":"https:\/\/sevillafcinnovationcenter.com\/en\/wp-json\/wp\/v2\/media?parent=3556"}],"wp:term":[{"taxonomy":"category","embeddable":true,"href":"https:\/\/sevillafcinnovationcenter.com\/en\/wp-json\/wp\/v2\/categories?post=3556"},{"taxonomy":"post_tag","embeddable":true,"href":"https:\/\/sevillafcinnovationcenter.com\/en\/wp-json\/wp\/v2\/tags?post=3556"},{"taxonomy":"area_entrada","embeddable":true,"href":"https:\/\/sevillafcinnovationcenter.com\/en\/wp-json\/wp\/v2\/area_entrada?post=3556"}],"curies":[{"name":"wp","href":"https:\/\/api.w.org\/{rel}","templated":true}]}}